{"id":428,"date":"2022-09-27T09:00:00","date_gmt":"2022-09-27T07:00:00","guid":{"rendered":"https:\/\/ju-eschborn.de\/?p=428"},"modified":"2023-03-05T21:08:38","modified_gmt":"2023-03-05T20:08:38","slug":"junge-union-eschborn-feiert-50-jaehriges-jubilaeum","status":"publish","type":"post","link":"https:\/\/ju-eschborn.de\/?p=428","title":{"rendered":"Junge Union Eschborn feiert 50-j\u00e4hriges Jubil\u00e4um"},"content":{"rendered":"\n<figure class=\"wp-block-image size-large\"><img loading=\"lazy\" decoding=\"async\" width=\"1024\" height=\"768\" src=\"https:\/\/ju-eschborn.de\/wp-content\/uploads\/2023\/03\/IMG_5220-1024x768.jpg\" alt=\"\" class=\"wp-image-429\" srcset=\"https:\/\/ju-eschborn.de\/wp-content\/uploads\/2023\/03\/IMG_5220-1024x768.jpg 1024w, https:\/\/ju-eschborn.de\/wp-content\/uploads\/2023\/03\/IMG_5220-300x225.jpg 300w, https:\/\/ju-eschborn.de\/wp-content\/uploads\/2023\/03\/IMG_5220-768x576.jpg 768w, https:\/\/ju-eschborn.de\/wp-content\/uploads\/2023\/03\/IMG_5220-1536x1152.jpg 1536w, https:\/\/ju-eschborn.de\/wp-content\/uploads\/2023\/03\/IMG_5220-2048x1536.jpg 2048w\" sizes=\"auto, (max-width: 1024px) 100vw, 1024px\" \/><figcaption class=\"wp-element-caption\">Auf dem Foto zu sehen:\u00a0<em>Mitglieder, Freunde und G\u00e4ste der\u00a0Jungen Union\u00a0Eschborn<\/em><\/figcaption><\/figure>\n\n\n\n<p>Am Samstag, den 17.09.22 feierte die Junge Union Eschborn im B\u00fcrgerzentrum Niederh\u00f6chstadt ihr 50 j\u00e4hriges Bestehen. Unter dem Veranstaltungsnamen: \u201eJU-bil\u00e4um 50 Jahre Junge Union Eschborn\u201c kamen Freundinnen und Freunde des Eschborn Stadtverbandes zusammen. Darunter Mitglieder und F\u00f6rdermitglieder der JU Eschborn sowie JUler aus der Region. Au\u00dferdem folgten auch verschiedene CDU-Mandatstr\u00e4ger der Einladung nach Eschborn. Darunter Europaangeordneter Michael Gahler, Bundestagsabgeordneter Norbert Altenkamp, Landtagsabgeordneter Christian Heinz, B\u00fcrgermeister Adnan Shaikh und Stadtverordnetenvorsteher Markus von Sternheim.<\/p>\n\n\n\n<p><br>Bei einem Sektempfang und einigen einleitenden Worten des Vorsitzenden Lars Petermann, stie\u00dfen die G\u00e4ste zu Beginn auf das runde Jubil\u00e4um an. Auch unser Gr\u00fcndungs- und Ehrenvorsitzender, der ehemalige hessische Ministerpr\u00e4sident Roland Koch, lie\u00df es sich nicht nehmen, zu gratulieren. In einer emotionalen Videobotschaft erinnerte sich Roland Koch an die Anf\u00e4nge, Herausforderungen und ersten Erfolge mit dem Stadtverband zur\u00fcck und brachte seine anhaltende Verbundenheit zum Ausdruck. Erg\u00e4nzend zu den Ausf\u00fchrungen zur Gr\u00fcndungszeit wurden auch Gr\u00fcndungsdokumente und Zeitungsartikel aus der Anfangszeit des Ortsverbands gezeigt.<\/p>\n\n\n\n<p><br>In einer kurzweiligen Podiumsdiskussion stellten sich der ehem. Europaabgeordnete und F\u00f6rdermitglied Thomas Mann, Landtagsabgeordneter Christian Heinz und B\u00fcrgermeister Adnan Shaikh den Fragen des Vorsitzenden Petermann. Dabei wurde auf die Herausforderungen und die Relevanz der heutigen politischen Jugendarbeit eingegangen und die Wichtigkeit einer engagierten Jungen Union vor Ort betont.<\/p>\n\n\n\n<p><br>Mit einem Gru\u00dfwort gratulierten Norbert Altenkamp, MdB und Michael Gahler, MdEP zum Jubil\u00e4um und erinnerten sich an ihre eigenen Anf\u00e4nge in der CDU Jugendorganisation zur\u00fcck. Auch der Bezirksvorsitzende der Jungen Union Nassau,<br>Alexander Jackson, lobte in seinem Gru\u00dfwort insbesondere den starken Fokus der JU Eschborn auf die inhaltliche Arbeit. Die Kreisvorsitzende der Jungen Union Main-Taunus Franziska Sehr hob das Engagement und die Zusammenarbeit von Kreis- und Ortsverband hervor.<\/p>\n\n\n\n<p><br>\u201eWir k\u00f6nnen nicht nur auf eine lange und ereignisreiche Geschichte zur\u00fcckblicken\u201c, so der Vorsitzende und Stadtverordnete Lars Petermann, \u201eauch heute sind wir in Eschborn als gr\u00f6\u00dfte und aktivste politische Jugendorganisation stark engagiert. Regelm\u00e4\u00dfig werden Veranstaltungen organisiert und mit einer in der Stadtverordnetenversammlung stark vertreten jungen Generation gestalten wir aktiv die Politik in Eschborn mit\u201c.<\/p>\n\n\n\n<p><br>Der Ehrenvorsitzende, amtierende Vorsitzende der CDU Eschborn und Stadtverordnete Sebastian Brekner sowie der Stadtverordnete und Pressesprecher der CDU Eschborn Frederic Schneider zeigten f\u00fcr sie pr\u00e4gende Momente aus ihrer Zeit als JU-Vorsitzende im Rahmen einer digitalen Diashow. Es war zu sehen, wie sich die politische Arbeit der Jungen Union Eschborn \u00fcber die Jahre ver\u00e4ndert und weiter professionalisiert hat. Gleichzeitig zeigten sich aber auch die Gemeinsamkeiten \u00fcber die vergangenen Jahrzehnte, wie beispielsweise die regelm\u00e4\u00dfigen Stammtische oder die aktiven Diskussionen \u00fcber aktuelle politische Themen.<\/p>\n\n\n\n<p><br>\u201eDie R\u00fcckschau auf gute und erfolgreiche Zeiten ist aber nur ein Teil des Jubil\u00e4ums gewesen. Sie ist f\u00fcr uns vor allem Ansporn, unsere JU zukunftsf\u00e4hig aufzustellen, darin waren sich die anwesenden Mitglieder und G\u00e4ste einig\u201c, betont die stellvertretende Vorsitzende Julia Oberlis und erg\u00e4nzt weiter, \u201edeshalb laden wir alle politisch Interessierten jungen Eschbornerinnen und Eschborner herzlich dazu ein, sich bei der Jungen Union zu engagieren. Gesellschaftliches Engagement in freundschaftlichem Rahmen ist heute wichtiger denn je und wir wollen junge Leute f\u00fcr b\u00fcrgerliche Politik begeistern. Seit f\u00fcnf Jahrzehnten verk\u00f6rpern wir diesen Anspruch und freuen uns auf viele neue junge und begeisterte Mitglieder auch in den n\u00e4chsten Jahrzehnten.\u201c<\/p>\n\n\n\n<p><br>JU war und ist allerdings schon immer auch 50 % Spa\u00df und so klang der Abend, bei einem von den Mitgliedern reichhaltig gestalteten Buffet und regionalem Grillgut, unterhaltsam, getreu dem JU-Motto 50% Politik und 50 % Spa\u00df, aus.<\/p>\n","protected":false},"excerpt":{"rendered":"<p>Am Samstag, den 17.09.22 feierte die Junge Union Eschborn im B\u00fcrgerzentrum Niederh\u00f6chstadt ihr 50 j\u00e4hriges Bestehen. Unter dem Veranstaltungsnamen: \u201eJU-bil\u00e4um 50 Jahre Junge Union Eschborn\u201c kamen Freundinnen und Freunde des &#8230;<\/p>\n","protected":false},"author":6,"featured_media":429,"comment_status":"open","ping_status":"open","sticky":false,"template":"","format":"standard","meta":{"footnotes":""},"categories":[1],"tags":[],"class_list":["post-428","post","type-post","status-publish","format-standard","has-post-thumbnail","hentry","category-news"],"_links":{"self":[{"href":"https:\/\/ju-eschborn.de\/index.php?rest_route=\/wp\/v2\/posts\/428","targetHints":{"allow":["GET"]}}],"collection":[{"href":"https:\/\/ju-eschborn.de\/index.php?rest_route=\/wp\/v2\/posts"}],"about":[{"href":"https:\/\/ju-eschborn.de\/index.php?rest_route=\/wp\/v2\/types\/post"}],"author":[{"embeddable":true,"href":"https:\/\/ju-eschborn.de\/index.php?rest_route=\/wp\/v2\/users\/6"}],"replies":[{"embeddable":true,"href":"https:\/\/ju-eschborn.de\/index.php?rest_route=%2Fwp%2Fv2%2Fcomments&post=428"}],"version-history":[{"count":1,"href":"https:\/\/ju-eschborn.de\/index.php?rest_route=\/wp\/v2\/posts\/428\/revisions"}],"predecessor-version":[{"id":430,"href":"https:\/\/ju-eschborn.de\/index.php?rest_route=\/wp\/v2\/posts\/428\/revisions\/430"}],"wp:featuredmedia":[{"embeddable":true,"href":"https:\/\/ju-eschborn.de\/index.php?rest_route=\/wp\/v2\/media\/429"}],"wp:attachment":[{"href":"https:\/\/ju-eschborn.de\/index.php?rest_route=%2Fwp%2Fv2%2Fmedia&parent=428"}],"wp:term":[{"taxonomy":"category","embeddable":true,"href":"https:\/\/ju-eschborn.de\/index.php?rest_route=%2Fwp%2Fv2%2Fcategories&post=428"},{"taxonomy":"post_tag","embeddable":true,"href":"https:\/\/ju-eschborn.de\/index.php?rest_route=%2Fwp%2Fv2%2Ftags&post=428"}],"curies":[{"name":"wp","href":"https:\/\/api.w.org\/{rel}","templated":true}]}}