{"id":423,"date":"2022-02-01T20:00:00","date_gmt":"2022-02-01T19:00:00","guid":{"rendered":"https:\/\/ju-eschborn.de\/?p=423"},"modified":"2023-03-05T21:00:16","modified_gmt":"2023-03-05T20:00:16","slug":"junge-union-begruesst-beschluesse-der-stadtverordnetenversammlung","status":"publish","type":"post","link":"https:\/\/ju-eschborn.de\/?p=423","title":{"rendered":"Junge Union begr\u00fc\u00dft Beschl\u00fcsse der Stadtverordnetenversammlung"},"content":{"rendered":"\n<p>\u201eWir wollen eine Politik mitgestalten, die sich auch an zuk\u00fcnftige Generationen richtet\u201c, freut sich der Vorsitzende und Stadtverordnete Lars Petermann \u00fcber die Beschl\u00fcsse der Stadtverordnetenversammlung. \u201eDabei ist es unseren jungen Stadtverordneten wichtig, sich aktiv in die demokratische Arbeit einzubringen.\u201c<\/p>\n\n\n\n<p><br>Am letzten Donnerstag fand die erste Stadtverordnetenversammlung des Jahres statt. Unter anderem zur Diskussion und Entscheidung standen vier Antr\u00e4ge der Koalition, eingebracht auch von den jungen Stadtverordneten der Union. Insgesamt redeten f\u00fcnf junge Unionsvertreter zu den unterschiedlichsten Themen: Lars Petermann, Julia Oberlis, Sebastian Brekner, Christian Oberlis und Frederic Schneider.<\/p>\n\n\n\n<p><br>Insbesondere das Thema Startup-Zentrum in Eschborn ist eine Herzensangelegenheit der Jungen Union Eschborn. Schon in das B\u00fcrgermeisterwahlprogramm und auch ins Kommunalwahlprogramm der CDU konnte dieses Thema eingebracht werden und findet sich nun auch im Koalitionsvertrag wieder. Christian Oberlis, Stadtverordneter und aktuell f\u00fcr die Gr\u00fcnderkultur zust\u00e4ndiges Landesvorstandsmitglied der JU Hessen, begr\u00fc\u00dft deshalb den Stadtverordnetenbeschluss: \u201eWirtschaft und Bildung spielen in Eschborn eine gro\u00dfe Rolle. Beides kann sich in einem Gr\u00fcnderzentrum miteinander verbinden. G\u00fcnstige R\u00e4umlichkeiten, ein breites Beratungsangebot und die Vernetzung der guten Bildungseinrichtungen sowie ein starkes wirtschaftliches Netzwerk bilden optimale Startvoraussetzungen. Wir sind nun auf die Eschborn bezogene Konzeption gespannt.\u201c<\/p>\n\n\n\n<p><br>Seit der Einf\u00fchrung im Jahr 2019 ist die Hundesteuer ein viel diskutiertes Thema in Eschborn. Der Bund der Steuerzahler kritisiert die Erhebung der Hundesteuer als unn\u00f6tige Bagatellsteuer. \u201eIn der Koalition haben wir uns deshalb darauf geeinigt die Hundesteuer nun zu evaluieren \u2013 neben der finanziellen Sinnhaftigkeit, im Kontext der Belastung unserer B\u00fcrger, auch im Hinblick auf die damals von den beschlie\u00dfenden Parteien erhofften Ziele der Registrierung und Nutzung dieser Daten z.B. im Rahmen von Zwischenf\u00e4llen. Im Anschluss an die sachliche Abw\u00e4gung ist das st\u00e4dtische Parlament gefragt, eine Entscheidung \u00fcber die weitere Handhabe, eine Abschaffung oder \u00c4nderung der Hundesteuer zu treffen.\u201c so die stellvertretende Vorsitzende und CDU-Stadtverordnete Julia Oberlis.<\/p>\n\n\n\n<p><br>Zwei weitere Antr\u00e4ge der Koalition waren die Pr\u00fcfung von \u00dcberwachungssensorik am Westerbach und die Pr\u00fcfung von weiteren Lernr\u00e4umen f\u00fcr Sch\u00fcler und Studenten. Bei ersterem soll gepr\u00fcft werden, wie und ob (Funk-)Sensoren dabei helfen k\u00f6nnten, die Pegelst\u00e4nde des Westerbachs zu \u00fcberwachen um dadurch bspw. Hochwasser besser antizipieren und entsprechende Ma\u00dfnahmen einleiten zu k\u00f6nnen. Bei dem zweiten Pr\u00fcfantrag soll die Frage gekl\u00e4rt werden, ob aufgrund von Corona, aber auch privater Umst\u00e4nde und der entsprechend unterschiedlichen Lernbedingungen, der Bedarf weiterer Lernr\u00e4ume f\u00fcr Sch\u00fcler und Studenten in Eschborn besteht.<\/p>\n\n\n\n<p><br>Die Junge Union Eschborn begr\u00fc\u00dft auch die st\u00e4dtischen Planungen rund um das Yaskawa Gel\u00e4nde. Hier k\u00f6nnte sich nicht nur die gute M\u00f6glichkeit bieten f\u00fcr die \u00dcbergangszeit w\u00e4hrend des Rathausumbaus, die Verwaltung und m\u00f6glicherweise auch R\u00e4umlichkeiten f\u00fcr Vereine, Kultur und Politik in eine bereits bestehende Immobilie umziehen zu lassen, und damit eine Umsetzung der notwendigen Rathaussanierung und des Stadthallenneubaus voranzutreiben, sondern auch mittel- und langfristig die Chance zu haben an dieser Stelle Wohnraum f\u00fcr alle, auch f\u00fcr die Mitte unserer Gesellschaft, entwickeln zu k\u00f6nnen.<\/p>\n\n\n\n<p><br>\u201eWir freuen uns nun auf die Ergebnisse der durch die CDU und die Koalitionspartner beschlossenen Antr\u00e4ge und werden uns nat\u00fcrlich auch in den kommenden Sitzungsrunden wieder mit viel Freude und Engagement in die Entwicklung, Beratung und Beschlussfassung einbringen. F\u00fcr Fragen und Ideen stehen wir nat\u00fcrlich jederzeit \u00fcber die sozialen Medien oder die bekannten Kontaktdaten zur Verf\u00fcgung\u201c, so Petermann abschlie\u00dfend.<\/p>\n","protected":false},"excerpt":{"rendered":"<p>\u201eWir wollen eine Politik mitgestalten, die sich auch an zuk\u00fcnftige Generationen richtet\u201c, freut sich der Vorsitzende und Stadtverordnete Lars Petermann \u00fcber die Beschl\u00fcsse der Stadtverordnetenversammlung. \u201eDabei ist es unseren jungen &#8230;<\/p>\n","protected":false},"author":6,"featured_media":424,"comment_status":"open","ping_status":"open","sticky":false,"template":"","format":"standard","meta":{"footnotes":""},"categories":[1],"tags":[],"class_list":["post-423","post","type-post","status-publish","format-standard","has-post-thumbnail","hentry","category-news"],"_links":{"self":[{"href":"https:\/\/ju-eschborn.de\/index.php?rest_route=\/wp\/v2\/posts\/423","targetHints":{"allow":["GET"]}}],"collection":[{"href":"https:\/\/ju-eschborn.de\/index.php?rest_route=\/wp\/v2\/posts"}],"about":[{"href":"https:\/\/ju-eschborn.de\/index.php?rest_route=\/wp\/v2\/types\/post"}],"author":[{"embeddable":true,"href":"https:\/\/ju-eschborn.de\/index.php?rest_route=\/wp\/v2\/users\/6"}],"replies":[{"embeddable":true,"href":"https:\/\/ju-eschborn.de\/index.php?rest_route=%2Fwp%2Fv2%2Fcomments&post=423"}],"version-history":[{"count":1,"href":"https:\/\/ju-eschborn.de\/index.php?rest_route=\/wp\/v2\/posts\/423\/revisions"}],"predecessor-version":[{"id":425,"href":"https:\/\/ju-eschborn.de\/index.php?rest_route=\/wp\/v2\/posts\/423\/revisions\/425"}],"wp:featuredmedia":[{"embeddable":true,"href":"https:\/\/ju-eschborn.de\/index.php?rest_route=\/wp\/v2\/media\/424"}],"wp:attachment":[{"href":"https:\/\/ju-eschborn.de\/index.php?rest_route=%2Fwp%2Fv2%2Fmedia&parent=423"}],"wp:term":[{"taxonomy":"category","embeddable":true,"href":"https:\/\/ju-eschborn.de\/index.php?rest_route=%2Fwp%2Fv2%2Fcategories&post=423"},{"taxonomy":"post_tag","embeddable":true,"href":"https:\/\/ju-eschborn.de\/index.php?rest_route=%2Fwp%2Fv2%2Ftags&post=423"}],"curies":[{"name":"wp","href":"https:\/\/api.w.org\/{rel}","templated":true}]}}