{"id":231,"date":"2020-07-28T08:00:44","date_gmt":"2020-07-28T06:00:44","guid":{"rendered":"https:\/\/ju-eschborn.de\/?p=231"},"modified":"2020-10-22T14:35:45","modified_gmt":"2020-10-22T12:35:45","slug":"junge-union-gratuliert-neuem-hvk-schulleiter-marc-heimann","status":"publish","type":"post","link":"https:\/\/ju-eschborn.de\/?p=231","title":{"rendered":"Junge Union gratuliert neuem HvK-Schulleiter Marc Heimann"},"content":{"rendered":"\n<figure class=\"wp-block-image size-large\"><img loading=\"lazy\" decoding=\"async\" width=\"948\" height=\"728\" src=\"https:\/\/ju-eschborn.de\/wp-content\/uploads\/2020\/10\/116802899_10158516900206678_1254979117990413765_n.png\" alt=\"\" class=\"wp-image-232\" srcset=\"https:\/\/ju-eschborn.de\/wp-content\/uploads\/2020\/10\/116802899_10158516900206678_1254979117990413765_n.png 948w, https:\/\/ju-eschborn.de\/wp-content\/uploads\/2020\/10\/116802899_10158516900206678_1254979117990413765_n-300x230.png 300w, https:\/\/ju-eschborn.de\/wp-content\/uploads\/2020\/10\/116802899_10158516900206678_1254979117990413765_n-768x590.png 768w\" sizes=\"auto, (max-width: 948px) 100vw, 948px\" \/><\/figure>\n\n\n\n<p><strong>Die Junge Union Eschborn begl\u00fcckw\u00fcnscht den neuen Schulleiter Studiendirektor Marc Heimann zu seiner Berufung zum Schulleiter der \u00f6rtlichen Heinrich-von-Kleist-Schule und dankt dem ehemaligen Schulleiter und heutigem B\u00fcrgermeister Adnan Shaikh f\u00fcr seinen jahrelangen Einsatz.<\/strong><\/p>\n\n\n\n<p>\u201eWir freuen uns, dass mit Herrn Heimann wieder ein junger und motivierter Lehrer die Leitung unserer Eschborner Heinrich-von-Kleist-Schule \u00fcbernommen hat\u201c, zeigt sich der Vorsitzende Lars Petermann erfreut \u00fcber die Ernennung des neuen Schulleiters.<\/p>\n\n\n\n<p><br>Von Mitte 2009 bis Anfang 2020 f\u00fchrte Neub\u00fcrgermeister Adnan Shaikh die Geschicke der Schule. Unter seiner F\u00fchrung wuchs das Schulzentrum, bestehend aus Haupt- und Realschule sowie Gymnasium, zu einer der gr\u00f6\u00dferen Schulen im Landkreis mit \u00fcber 1400 Sch\u00fclern an. Die Kleist-Schule genie\u00dft, u.a. f\u00fcr ihr musikalisches, naturwissenschaftliches und sportliches Angebot, Anerkennung \u00fcber Eschborn hinaus. In der \u00dcbergangsphase wurde die Schule durch den Stellvertretenden Direktor Thomas Kr\u00e4utle gef\u00fchrt, dem der Dank f\u00fcr die Gestaltung des ger\u00e4uschlosen \u00dcbergangs gilt.<br><br>\u201eInsbesondere als ehemalige Sch\u00fclerin der HvK, m\u00f6chte ich mich an dieser Stelle ganz besonderes bei unserem heutigen B\u00fcrgermeister Adnan Shaikh f\u00fcr seine geleistete Arbeit bedanken. Durch sein vielf\u00e4ltiges Engagement als Lehrer, Oberstufen- und Schulleiter hat er die Schule und vor allem unz\u00e4hlige Sch\u00fclerinnen und Sch\u00fcler intensiv gepr\u00e4gt und \u00fcbergibt ein gemachtes Feld an seinen Nachfolger\u201c, so die Stellvertretende Vorsitzende Julia Oberlis und weiter, \u201eDeshalb ist es aus unserer Sicht optimal, dass man einen motivierten und ambitionierten Nachfolger aus den eigenen Reihen finden konnte, der die Arbeit kontinuierlich fortsetzen und weiterentwickeln kann.\u201c<br><br>Abschlie\u00dfend Lars Petermann: \u201eGerade die aktuellen Herausforderungen der beschleunigten Digitalisierung in Zeiten von Corona, aber auch die Einbindung und Vernetzung der Schulsozialarbeit mit dem auf dem Schulgel\u00e4nde entstehende neuen Jugendzentrum, stellen nur zwei von vielen weiteren Herausforderungen dar. Daf\u00fcr und f\u00fcr die Zusammenarbeit mit Sch\u00fclern und Kollegen w\u00fcnschen wir ihm alles Gute und viel Erfolg!\u201c<\/p>\n","protected":false},"excerpt":{"rendered":"<p>Die Junge Union Eschborn begl\u00fcckw\u00fcnscht den neuen Schulleiter Studiendirektor Marc Heimann zu seiner Berufung zum Schulleiter der \u00f6rtlichen Heinrich-von-Kleist-Schule und dankt dem ehemaligen Schulleiter und heutigem B\u00fcrgermeister Adnan Shaikh f\u00fcr &#8230;<\/p>\n","protected":false},"author":6,"featured_media":232,"comment_status":"open","ping_status":"open","sticky":false,"template":"","format":"standard","meta":{"footnotes":""},"categories":[1],"tags":[],"class_list":["post-231","post","type-post","status-publish","format-standard","has-post-thumbnail","hentry","category-news"],"_links":{"self":[{"href":"https:\/\/ju-eschborn.de\/index.php?rest_route=\/wp\/v2\/posts\/231","targetHints":{"allow":["GET"]}}],"collection":[{"href":"https:\/\/ju-eschborn.de\/index.php?rest_route=\/wp\/v2\/posts"}],"about":[{"href":"https:\/\/ju-eschborn.de\/index.php?rest_route=\/wp\/v2\/types\/post"}],"author":[{"embeddable":true,"href":"https:\/\/ju-eschborn.de\/index.php?rest_route=\/wp\/v2\/users\/6"}],"replies":[{"embeddable":true,"href":"https:\/\/ju-eschborn.de\/index.php?rest_route=%2Fwp%2Fv2%2Fcomments&post=231"}],"version-history":[{"count":1,"href":"https:\/\/ju-eschborn.de\/index.php?rest_route=\/wp\/v2\/posts\/231\/revisions"}],"predecessor-version":[{"id":233,"href":"https:\/\/ju-eschborn.de\/index.php?rest_route=\/wp\/v2\/posts\/231\/revisions\/233"}],"wp:featuredmedia":[{"embeddable":true,"href":"https:\/\/ju-eschborn.de\/index.php?rest_route=\/wp\/v2\/media\/232"}],"wp:attachment":[{"href":"https:\/\/ju-eschborn.de\/index.php?rest_route=%2Fwp%2Fv2%2Fmedia&parent=231"}],"wp:term":[{"taxonomy":"category","embeddable":true,"href":"https:\/\/ju-eschborn.de\/index.php?rest_route=%2Fwp%2Fv2%2Fcategories&post=231"},{"taxonomy":"post_tag","embeddable":true,"href":"https:\/\/ju-eschborn.de\/index.php?rest_route=%2Fwp%2Fv2%2Ftags&post=231"}],"curies":[{"name":"wp","href":"https:\/\/api.w.org\/{rel}","templated":true}]}}