{"id":218,"date":"2020-02-11T08:00:00","date_gmt":"2020-02-11T07:00:00","guid":{"rendered":"https:\/\/ju-eschborn.de\/?p=218"},"modified":"2020-02-18T09:12:40","modified_gmt":"2020-02-18T08:12:40","slug":"ju-begruesst-neuen-cdu-buergermeister-adnan-shaikh-im-amt","status":"publish","type":"post","link":"https:\/\/ju-eschborn.de\/?p=218","title":{"rendered":"JU begr\u00fc\u00dft neuen CDU-B\u00fcrgermeister Adnan Shaikh im Amt"},"content":{"rendered":"\n<figure class=\"wp-block-image size-large\"><img loading=\"lazy\" decoding=\"async\" width=\"1024\" height=\"498\" src=\"https:\/\/ju-eschborn.de\/wp-content\/uploads\/2020\/02\/JU-Eschborn-mit-BM-Adnan-Shaikh-1024x498.jpg\" alt=\"JU-Eschborn mit B\u00fcrgermeister Adnan Shaikh\" class=\"wp-image-219\" srcset=\"https:\/\/ju-eschborn.de\/wp-content\/uploads\/2020\/02\/JU-Eschborn-mit-BM-Adnan-Shaikh-1024x498.jpg 1024w, https:\/\/ju-eschborn.de\/wp-content\/uploads\/2020\/02\/JU-Eschborn-mit-BM-Adnan-Shaikh-300x146.jpg 300w, https:\/\/ju-eschborn.de\/wp-content\/uploads\/2020\/02\/JU-Eschborn-mit-BM-Adnan-Shaikh-768x373.jpg 768w, https:\/\/ju-eschborn.de\/wp-content\/uploads\/2020\/02\/JU-Eschborn-mit-BM-Adnan-Shaikh-1536x747.jpg 1536w, https:\/\/ju-eschborn.de\/wp-content\/uploads\/2020\/02\/JU-Eschborn-mit-BM-Adnan-Shaikh-2048x996.jpg 2048w\" sizes=\"auto, (max-width: 1024px) 100vw, 1024px\" \/><\/figure>\n\n\n\n<p>Am vergangenen Donnerstag wurde\nder neue Eschborner B\u00fcrgermeister Adnan Shaikh(CDU) in sein Amt eingef\u00fchrt und vereidigt.\nAuch die Junge Union Eschborn war vor Ort um ihm ihre Unterst\u00fctzung f\u00fcr seine\nArbeit zuzusichern.<\/p>\n\n\n\n<p>\u201eIch gratuliere B\u00fcrgermeister\nAdnan Shaikh ganz herzlich zu seiner Vereidigung, w\u00fcnsche ihm ein gutes\nH\u00e4ndchen, viel Geschick, Empathie und nat\u00fcrlich viel Erfolg in seinem neuen Amt\nals B\u00fcrgermeister unseres sch\u00f6nen Eschborns\u201c, zeigt sich der Vorsitzende Lars\nPetermann dankbar \u00fcber eine gelungene Einf\u00fchrung ins B\u00fcrgermeisteramt. Adnan\nShaikh hatte die Wahl zum B\u00fcrgermeister in Eschborn im vergangenen Jahr mit\neinem Ergebnis von 50,2 Prozent im ersten Wahlgang gewonnen, wurde am\nvergangenen Donnerstag in sein neues Amt eingef\u00fchrt und vereidigt und beginnt\nseinen Dienst am Montag, den 17.02.2020.<\/p>\n\n\n\n<p>\u201eAdnan Shaikh hat in seiner\nAntrittsrede klar dargelegt was ihm besonders wichtig ist. Der Zusammenhalt\nunserer Eschborner und Niederh\u00f6chst\u00e4dter Gesellschaft. Er will ein\nB\u00fcrgermeister aller B\u00fcrger sein und Risse, die in den vergangenen Jahren\nentstanden sind kitten\u201c, so die Stellvertretende Vorsitzende Julia Oberlis und\nweiter, \u201eBesonders erfreulich war, dass wir auch viele G\u00e4ste, B\u00fcrgermeister aus\ndem Kreis, den IHK-Pr\u00e4sidenten und ehemaligen CDU-Landtagsabgeordneten Ulrich\nCaspar sowie nat\u00fcrlich unseren Landrat Michael Cyriax bei uns begr\u00fc\u00dfen durften.\nDas zeigt, wie wichtig dieser Neustart f\u00fcr die Eschborner, aber auch f\u00fcr die\nRegion ist.\u201c<\/p>\n\n\n\n<p>Neben dem Neubeginn stehen die\naktuellen Wochen auch unter dem Titel Abschied. B\u00fcrgermeister Mathias Geigers\nAusscheiden wird flankiert durch das Ende der Amtszeit des ersten Stadtrates\nThomas Ebert. Dazu erkl\u00e4ren die beiden Stadtverordneten und JU-Vorstandsmitglieder\nSebastian Brekner und Christian Oberlis, \u201eWir bedanken uns bei B\u00fcrgermeister\nGeiger f\u00fcr rund 45 Jahr Dienst an unserer Stadt. Auch wenn vor allem die\nletzten Jahre nicht einfach waren und noch nicht alle Rechtsfragen abschlie\u00dfend\ngekl\u00e4rt sind, hat sich Mathias Geiger als langj\u00e4hriger st\u00e4dtischer Beamter und\nals erster Stadtrat in der Koalition von CDU und FDP in den Dienst unserer\nStadt gestellt. Daf\u00fcr geb\u00fchrt ihm unser Dank!<\/p>\n\n\n\n<p>Ganz herzlich wollen wir uns aber\nauch bei Thomas Ebert bedanken. Als verl\u00e4sslicher Partner und einer der K\u00f6pfe\nunserer ehemaligen Schwarz-Gr\u00fcnen Koalition stand er immer als Gespr\u00e4chspartner\nzur Verf\u00fcgung und hat die Arbeit in unserer Stadt konstruktiv und kompetent\nbegleitet. Beiden w\u00fcnschen wir jetzt eine sch\u00f6ne Zeit in ihrem verdienten\nRuhestand.\u201c<\/p>\n\n\n\n<p>\u201eAls Junge Union Eschborn\nw\u00fcnschen wir uns von unserem CDU-B\u00fcrgermeister Adnan Shaikh eine gute F\u00fchrung\nund eine erfolgreiche und b\u00fcrgerlich Politik f\u00fcr Eschborn. Wir werden ihn bei\nseiner Arbeit konstruktiv unterst\u00fctzen und daran mitarbeiten, dass die\nHerausforderungen in unser Stadt in den kommenden Jahren gel\u00f6st werden. Dazu\nist es wichtig, dass die CDU-Fraktion gest\u00e4rkt aus der kommenden Kommunalwahl\n2021 hervorgeht und weiterhin als j\u00fcngste und aktivste Fraktion die Arbeit\nunseres B\u00fcrgermeisters st\u00fctzen kann\u201c, gibt Lars Petermann einen abschlie\u00dfenden\nAusblick auf das kommende Jahr.<\/p>\n","protected":false},"excerpt":{"rendered":"<p>Am vergangenen Donnerstag wurde der neue Eschborner B\u00fcrgermeister Adnan Shaikh(CDU) in sein Amt eingef\u00fchrt und vereidigt. Auch die Junge Union Eschborn war vor Ort um ihm ihre Unterst\u00fctzung f\u00fcr seine &#8230;<\/p>\n","protected":false},"author":6,"featured_media":219,"comment_status":"open","ping_status":"open","sticky":false,"template":"","format":"standard","meta":{"footnotes":""},"categories":[1],"tags":[],"class_list":["post-218","post","type-post","status-publish","format-standard","has-post-thumbnail","hentry","category-news"],"_links":{"self":[{"href":"https:\/\/ju-eschborn.de\/index.php?rest_route=\/wp\/v2\/posts\/218","targetHints":{"allow":["GET"]}}],"collection":[{"href":"https:\/\/ju-eschborn.de\/index.php?rest_route=\/wp\/v2\/posts"}],"about":[{"href":"https:\/\/ju-eschborn.de\/index.php?rest_route=\/wp\/v2\/types\/post"}],"author":[{"embeddable":true,"href":"https:\/\/ju-eschborn.de\/index.php?rest_route=\/wp\/v2\/users\/6"}],"replies":[{"embeddable":true,"href":"https:\/\/ju-eschborn.de\/index.php?rest_route=%2Fwp%2Fv2%2Fcomments&post=218"}],"version-history":[{"count":1,"href":"https:\/\/ju-eschborn.de\/index.php?rest_route=\/wp\/v2\/posts\/218\/revisions"}],"predecessor-version":[{"id":220,"href":"https:\/\/ju-eschborn.de\/index.php?rest_route=\/wp\/v2\/posts\/218\/revisions\/220"}],"wp:featuredmedia":[{"embeddable":true,"href":"https:\/\/ju-eschborn.de\/index.php?rest_route=\/wp\/v2\/media\/219"}],"wp:attachment":[{"href":"https:\/\/ju-eschborn.de\/index.php?rest_route=%2Fwp%2Fv2%2Fmedia&parent=218"}],"wp:term":[{"taxonomy":"category","embeddable":true,"href":"https:\/\/ju-eschborn.de\/index.php?rest_route=%2Fwp%2Fv2%2Fcategories&post=218"},{"taxonomy":"post_tag","embeddable":true,"href":"https:\/\/ju-eschborn.de\/index.php?rest_route=%2Fwp%2Fv2%2Ftags&post=218"}],"curies":[{"name":"wp","href":"https:\/\/api.w.org\/{rel}","templated":true}]}}