{"id":164,"date":"2019-02-26T20:00:40","date_gmt":"2019-02-26T19:00:40","guid":{"rendered":"https:\/\/ju-eschborn.de\/?p=164"},"modified":"2020-02-06T12:55:05","modified_gmt":"2020-02-06T11:55:05","slug":"christian-oberlis-fuer-ju-landesvorstand-nominiert","status":"publish","type":"post","link":"https:\/\/ju-eschborn.de\/?p=164","title":{"rendered":"Christian Oberlis f\u00fcr JU-Landesvorstand nominiert"},"content":{"rendered":"\n<div class=\"wp-block-image\"><figure class=\"aligncenter size-large\"><img loading=\"lazy\" decoding=\"async\" width=\"212\" height=\"212\" src=\"https:\/\/ju-eschborn.de\/wp-content\/uploads\/2020\/02\/416.jpg\" alt=\"\" class=\"wp-image-165\" srcset=\"https:\/\/ju-eschborn.de\/wp-content\/uploads\/2020\/02\/416.jpg 212w, https:\/\/ju-eschborn.de\/wp-content\/uploads\/2020\/02\/416-150x150.jpg 150w\" sizes=\"auto, (max-width: 212px) 100vw, 212px\" \/><\/figure><\/div>\n\n\n\n<p> Bei der Kreisdelegiertenversammlung der Jungen Union Main-Taunus in Eppstein wurde Christian Oberlis als Stellvertretender Kreisvorsitzender wiedergew\u00e4hlt. Neben der Kreisvorstandswahl wurde auch f\u00fcr die h\u00f6heren Ebenen nominiert, zum einen Sebastian Brekner f\u00fcr den Bezirksvorstand und zum anderen Christian Oberlis f\u00fcr den Landesvorstand. Am Sonntag, den 17. Februar fand die allj\u00e4hrliche Kreisdelegiertenversammlung der Jungen Union Main-Taunus in der Burgstadt Eppstein statt. Gew\u00e4hlt wurde, von den ca. 60 anwesenden Delegierten, ein neuer Kreisvorstand. F\u00fcr die Junge Union Eschborn sitzt auch zuk\u00fcnftig Christian Oberlis als Stellvertretender Kreisvorsitzender im Vorstandsteam der JU Main-Taunus. \u201eWir freuen uns, dass die JU Eschborn auch weiterhin mit einer starken Stimme im Kreisvorstand vertreten ist\u201c, so der Vorsitzende Sebastian Brekner und weiter, \u201eChristian wird im Rahmen der vom Kreisvorsitzenden Fabian Beine vorgestellten Kampagne \u201eFokus: Vor Ort\u201c unsere Ideen in die Gestaltung der Kampagne einbringen um uns, die Stadt- und Gemeindeverb\u00e4nde im MTK, noch besser f\u00fcr die kommenden Jahre aufzustellen.\u201c Aus dem Kreisvorstand verabschiedet wurde die Eschborner Beisitzerin Isabell Kirbach, die zum Zwecke des Studiums nach N\u00fcrnberg umgezogen ist, aber weiterhin Teil des Vorstandsteams der JU Eschborn bleibt. \u201eWir danken Isabell f\u00fcr ihren Einsatz im Kreisvorstand und freuen uns, dass sie uns trotz ihres Studiums in Franken im \u00f6rtlichen Vorstand erhalten bleibt\u201c, zeigt sich Brekner dankbar. Neben der Kreisvorstandswahl stand auch der Punkt Nominierung auf der Tagesordnung der Kreisdelegiertenversammlung. Erneut nominiert wurde f\u00fcr den Bezirksvorstand der Vorsitzende Sebastian Brekner, der auch schon in den vergangenen Jahren das Amt des Stellvertretenden Bezirksvorsitzenden der Jungen Union Nassau innehatte. Des Weiteren stand dieses Jahr auch die Nominierung f\u00fcr den Landesvorstand an. Nominiert wurde f\u00fcr dieses Amt Christian Oberlis, der im Juni durch den Landestag der JU Hessen in den Landesvorstand gew\u00e4hlt werden soll. In den vergangenen Jahren vertrat der Hofheimer Jens D. Fleck, F\u00f6rdermitglied der JU Eschborn und langj\u00e4hriger Kreisvorsitzender, die JU MTK als Referent f\u00fcr Wirtschaft, Wissenschaft und Digitalisierung im Landesvorstand. \u201eEs ist mir Ehre und Freude zugleich, dass die Delegierten der JU Main-Taunus mir ihr Vertrauen geschenkt haben und mich dem Landestag der JU Hessen als Kandidat f\u00fcr den Landesvorstand vorschlagen\u201c, bedankt sich der Stellvertretende Vorsitzende Christian Oberlis f\u00fcr die Nominierung. \u201eInsbesondere gilt mein Dank nat\u00fcrlich auch meinem Heimatverband hier in Eschborn, der mich auf diesem Weg unterst\u00fctzt hat und auch weiterhin unterst\u00fctzen wird, genauso wie auch Jens, der uns lange Jahre erfolgreich im Landesvorstand vertreten hat, und uns als Stadtverband nach besten Kr\u00e4ften gef\u00f6rdert hat.\u201c \u201eDas Personaltableau zeugt von dem gro\u00dfen Einsatz, den wir als JU Eschborn, als einer der gr\u00f6\u00dften aktiven Verb\u00e4nde im Verbund der JU MTK, leisten. Ich freue mich auf die intensive Zusammenarbeit mit dem Kreisvorstand und insbesondere auch mit dem wiedergew\u00e4hlten Kreisvorsitzenden Fabian Beine, dem ich herzlich gratulieren m\u00f6chte und f\u00fcr den ich mir w\u00fcnsche, dass er seine hervorragende Arbeit f\u00fcr die JU Main-Taunus im kommenden Jahr in gleichen Ma\u00dfe fortsetzen wird.\u201c, so Sebastian Brekner abschlie\u00dfend.  <\/p>\n","protected":false},"excerpt":{"rendered":"<p>Bei der Kreisdelegiertenversammlung der Jungen Union Main-Taunus in Eppstein wurde Christian Oberlis als Stellvertretender Kreisvorsitzender wiedergew\u00e4hlt. Neben der Kreisvorstandswahl wurde auch f\u00fcr die h\u00f6heren Ebenen nominiert, zum einen Sebastian Brekner &#8230;<\/p>\n","protected":false},"author":1,"featured_media":0,"comment_status":"open","ping_status":"open","sticky":false,"template":"","format":"standard","meta":{"footnotes":""},"categories":[1],"tags":[],"class_list":["post-164","post","type-post","status-publish","format-standard","hentry","category-news"],"_links":{"self":[{"href":"https:\/\/ju-eschborn.de\/index.php?rest_route=\/wp\/v2\/posts\/164","targetHints":{"allow":["GET"]}}],"collection":[{"href":"https:\/\/ju-eschborn.de\/index.php?rest_route=\/wp\/v2\/posts"}],"about":[{"href":"https:\/\/ju-eschborn.de\/index.php?rest_route=\/wp\/v2\/types\/post"}],"author":[{"embeddable":true,"href":"https:\/\/ju-eschborn.de\/index.php?rest_route=\/wp\/v2\/users\/1"}],"replies":[{"embeddable":true,"href":"https:\/\/ju-eschborn.de\/index.php?rest_route=%2Fwp%2Fv2%2Fcomments&post=164"}],"version-history":[{"count":1,"href":"https:\/\/ju-eschborn.de\/index.php?rest_route=\/wp\/v2\/posts\/164\/revisions"}],"predecessor-version":[{"id":166,"href":"https:\/\/ju-eschborn.de\/index.php?rest_route=\/wp\/v2\/posts\/164\/revisions\/166"}],"wp:attachment":[{"href":"https:\/\/ju-eschborn.de\/index.php?rest_route=%2Fwp%2Fv2%2Fmedia&parent=164"}],"wp:term":[{"taxonomy":"category","embeddable":true,"href":"https:\/\/ju-eschborn.de\/index.php?rest_route=%2Fwp%2Fv2%2Fcategories&post=164"},{"taxonomy":"post_tag","embeddable":true,"href":"https:\/\/ju-eschborn.de\/index.php?rest_route=%2Fwp%2Fv2%2Ftags&post=164"}],"curies":[{"name":"wp","href":"https:\/\/api.w.org\/{rel}","templated":true}]}}